{"id":10689,"date":"2026-04-15T16:22:31","date_gmt":"2026-04-15T16:22:31","guid":{"rendered":"https:\/\/time24.pl.ua\/?p=10689"},"modified":"2026-04-15T16:22:31","modified_gmt":"2026-04-15T16:22:31","slug":"ziobro-przed-trybunalem-stanu-koalicja-sklada-wniosek-w-sejmie","status":"publish","type":"post","link":"https:\/\/time24.pl.ua\/?p=10689","title":{"rendered":"Ziobro przed Trybuna\u0142em Stanu? Koalicja sk\u0142ada wniosek w Sejmie"},"content":{"rendered":"\n<p>W \u015brod\u0119 w Sejmie og\u0142oszono decyzj\u0119, kt\u00f3ra mo\u017ce mie\u0107 powa\u017cne konsekwencje dla jednego z najbardziej rozpoznawalnych polityk\u00f3w ostatnich lat. Szef klubu Zbigniew Konwi\u0144ski poinformowa\u0142, \u017ce do parlamentu trafi\u0142 wniosek o postawienie przed Trybuna\u0142 Stanu by\u0142ego ministra sprawiedliwo\u015bci Zbigniewa Ziobry.<\/p>\n\n\n\n<p> Dokument zosta\u0142 podpisany przez przedstawicieli wszystkich ugrupowa\u0144 tworz\u0105cych obecn\u0105 koalicj\u0119 rz\u0105dz\u0105c\u0105, co pokazuje skal\u0119 politycznego porozumienia w tej sprawie.<\/p>\n\n\n\n<p><strong>To jedno z najpowa\u017cniejszych dzia\u0142a\u0144 podejmowanych wobec by\u0142ego cz\u0142onka rz\u0105du w ostatnich latach<\/strong>, kt\u00f3re mo\u017ce rozpocz\u0105\u0107 d\u0142ugotrwa\u0142y proces prawny.<\/p>\n\n\n\n<h2 class=\"wp-block-heading\">51 zarzut\u00f3w i setki stron dokument\u00f3w<\/h2>\n\n\n\n<p>Jak przekaza\u0142 Konwi\u0144ski, wniosek jest niezwykle obszerny i szczeg\u00f3\u0142owy. Zawiera a\u017c 51 zarzut\u00f3w, w tym zar\u00f3wno te dotycz\u0105ce narusze\u0144 konstytucji, jak i podejrze\u0144 o przest\u0119pstwa. Podczas konferencji prasowej podkre\u015bli\u0142:<\/p>\n\n\n\n<blockquote class=\"wp-block-quote is-layout-flow wp-block-quote-is-layout-flow\">\n<p>\u201eDokument liczy ponad 250 stron, zawiera 117 dowod\u00f3w i przewiduje przes\u0142uchanie 68 os\u00f3b\u201d.&nbsp;<\/p>\n<\/blockquote>\n\n\n\n<p><strong>Skala materia\u0142u dowodowego wskazuje, \u017ce sprawa zosta\u0142a przygotowana bardzo dok\u0142adnie i ma solidne podstawy formalne<\/strong>, przynajmniej w ocenie wnioskodawc\u00f3w.<\/p>\n\n\n\n<p>Na przedstawiciela wnioskodawc\u00f3w wyznaczono Jaros\u0142awa Urbaniaka, kt\u00f3ry \u2013 jak zaznaczono \u2013 od lat zajmuje si\u0119 analiz\u0105 dzia\u0142a\u0144 Ziobry i posiada du\u017ce do\u015bwiadczenie w tej materii.<a href=\"https:\/\/checkpress.pl\/autor\/adam-bysiek-u224129\"><\/a><\/p>\n\n\n\n<h2 class=\"wp-block-heading\">Procedura przed Trybuna\u0142em Stanu \u2013 co dalej?<\/h2>\n\n\n\n<p>Z\u0142o\u017cenie wniosku to dopiero pierwszy krok w ca\u0142ym procesie. Aby sprawa mog\u0142a by\u0107 rozpatrywana, konieczne jest spe\u0142nienie okre\u015blonych wymog\u00f3w formalnych. Wniosek musi zosta\u0107 skierowany przez marsza\u0142ka Sejmu do Komisji Odpowiedzialno\u015bci Konstytucyjnej, kt\u00f3ra rozpocznie post\u0119powanie wyja\u015bniaj\u0105ce.&nbsp;<\/p>\n\n\n\n<p><strong>Dopiero po jego zako\u0144czeniu Sejm podejmie decyzj\u0119, czy skierowa\u0107 spraw\u0119 do Trybuna\u0142u Stanu<\/strong>, a do tego potrzebna jest wi\u0119kszo\u015b\u0107 kwalifikowana.<br>To oznacza, \u017ce cho\u0107 sprawa nabiera tempa, jej fina\u0142 mo\u017ce by\u0107 odleg\u0142y i uzale\u017cniony od uk\u0142adu si\u0142 politycznych w parlamencie.<\/p>\n\n\n\n<h2 class=\"wp-block-heading\">Polityczne znaczenie sprawy i mo\u017cliwe konsekwencje<\/h2>\n\n\n\n<p>Decyzja o z\u0142o\u017ceniu wniosku przeciwko Zbigniewowi Ziobrze ma nie tylko wymiar prawny, ale tak\u017ce silny kontekst polityczny. Sprawa mo\u017ce wp\u0142yn\u0105\u0107 na relacje mi\u0119dzy ugrupowaniami oraz na ocen\u0119 dzia\u0142a\u0144 poprzedniego rz\u0105du.<\/p>\n\n\n\n<p>Konwi\u0144ski podkre\u015bli\u0142, \u017ce dzia\u0142ania koalicji s\u0105 wsp\u00f3lne i wynikaj\u0105 z przekonania o konieczno\u015bci rozliczenia przesz\u0142o\u015bci. \u201eDzi\u015b sk\u0142adamy wniosek o Trybuna\u0142 Stanu dla Zbigniewa Ziobro\u201d \u2013 zaznaczy\u0142.<\/p>\n","protected":false},"excerpt":{"rendered":"W \u015brod\u0119 w Sejmie og\u0142oszono decyzj\u0119, kt\u00f3ra mo\u017ce mie\u0107 powa\u017cne konsekwencje dla jednego z najbardziej rozpoznawalnych polityk\u00f3w ostatnich lat. Szef klubu Zbigniew Konwi\u0144ski \n<a class=\"moretag\" href=\"https:\/\/time24.pl.ua\/?p=10689\"> [...]<\/a>","protected":false},"author":1,"featured_media":10690,"comment_status":"open","ping_status":"open","sticky":false,"template":"","format":"standard","meta":{"footnotes":""},"categories":[1],"tags":[],"class_list":["post-10689","post","type-post","status-publish","format-standard","has-post-thumbnail","hentry","category-blog"],"_links":{"self":[{"href":"https:\/\/time24.pl.ua\/index.php?rest_route=\/wp\/v2\/posts\/10689","targetHints":{"allow":["GET"]}}],"collection":[{"href":"https:\/\/time24.pl.ua\/index.php?rest_route=\/wp\/v2\/posts"}],"about":[{"href":"https:\/\/time24.pl.ua\/index.php?rest_route=\/wp\/v2\/types\/post"}],"author":[{"embeddable":true,"href":"https:\/\/time24.pl.ua\/index.php?rest_route=\/wp\/v2\/users\/1"}],"replies":[{"embeddable":true,"href":"https:\/\/time24.pl.ua\/index.php?rest_route=%2Fwp%2Fv2%2Fcomments&post=10689"}],"version-history":[{"count":1,"href":"https:\/\/time24.pl.ua\/index.php?rest_route=\/wp\/v2\/posts\/10689\/revisions"}],"predecessor-version":[{"id":10691,"href":"https:\/\/time24.pl.ua\/index.php?rest_route=\/wp\/v2\/posts\/10689\/revisions\/10691"}],"wp:featuredmedia":[{"embeddable":true,"href":"https:\/\/time24.pl.ua\/index.php?rest_route=\/wp\/v2\/media\/10690"}],"wp:attachment":[{"href":"https:\/\/time24.pl.ua\/index.php?rest_route=%2Fwp%2Fv2%2Fmedia&parent=10689"}],"wp:term":[{"taxonomy":"category","embeddable":true,"href":"https:\/\/time24.pl.ua\/index.php?rest_route=%2Fwp%2Fv2%2Fcategories&post=10689"},{"taxonomy":"post_tag","embeddable":true,"href":"https:\/\/time24.pl.ua\/index.php?rest_route=%2Fwp%2Fv2%2Ftags&post=10689"}],"curies":[{"name":"wp","href":"https:\/\/api.w.org\/{rel}","templated":true}]}}