{"id":10667,"date":"2026-04-15T16:01:01","date_gmt":"2026-04-15T16:01:01","guid":{"rendered":"https:\/\/time24.pl.ua\/?p=10667"},"modified":"2026-04-15T16:01:01","modified_gmt":"2026-04-15T16:01:01","slug":"trzy-osoby-ranne-droga-zablokowana-koszmarny-wypadek","status":"publish","type":"post","link":"https:\/\/time24.pl.ua\/?p=10667","title":{"rendered":"Trzy osoby ranne, droga zablokowana. Koszmarny wypadek"},"content":{"rendered":"\n<p>Gro\u017any wypadek w okolicach Dar\u017cyna wstrzyma\u0142 ruch na lokalnej drodze mi\u0119dzy S\u0142upskiem a L\u0119borkiem. Autobus z pracownikami uderzy\u0142 w drzewo, a kilka os\u00f3b zosta\u0142o poszkodowanych. S\u0142u\u017cby ustalaj\u0105 szczeg\u00f3\u0142y zdarzenia.<\/p>\n\n\n\n<p>Wypadek autobusu w okolicach Dar\u017cyna. S\u0142u\u017cby natychmiast na miejscu<br>Trzy osoby ranne po uderzeniu autobusu w drzewo<br>Kierowca zas\u0142ab\u0142 za kierownic\u0105. <\/p>\n\n\n\n<p>Droga ca\u0142kowicie zablokowana<br>Wypadek autobusu w okolicach Dar\u017cyna. S\u0142u\u017cby natychmiast na miejscu<br>Do gro\u017anego zdarzenia dosz\u0142o w rejonie Dar\u017cyna, miejscowo\u015bci po\u0142o\u017conej pomi\u0119dzy S\u0142upskiem a L\u0119borkiem. Informacje o wypadku wp\u0142yn\u0119\u0142y oko\u0142o godziny 16.30, co oznacza, \u017ce sytuacja rozegra\u0142a si\u0119 w godzinach popo\u0142udniowych, gdy ruch na lokalnych drogach bywa wzmo\u017cony.<\/p>\n\n\n\n<p>Autobus, kt\u00f3rym podr\u00f3\u017cowali pracownicy, niespodziewanie zjecha\u0142 z jezdni i uderzy\u0142 w przydro\u017cne drzewo. Na miejsce skierowano liczne s\u0142u\u017cby ratunkowe, w tym stra\u017c po\u017carn\u0105, zesp\u00f3\u0142 ratownictwa medycznego oraz policj\u0119. Skala interwencji by\u0142a znacz\u0105ca \u2013 pracowa\u0142o tam a\u017c pi\u0119\u0107 zast\u0119p\u00f3w stra\u017cy po\u017carnej, co pokazuje, \u017ce sytuacja wymaga\u0142a szybkiej i skoordynowanej reakcji.<\/p>\n\n\n\n<p>Na czas prowadzonych dzia\u0142a\u0144 droga \u0142\u0105cz\u0105ca Dar\u017cyno z \u0141upaw\u0105 zosta\u0142a ca\u0142kowicie zamkni\u0119ta dla ruchu. Utrudnienia by\u0142y powa\u017cne, a kierowcy musieli liczy\u0107 si\u0119 z konieczno\u015bci\u0105 korzystania z objazd\u00f3w.<\/p>\n\n\n\n<p>Policja, fot. Canva<\/p>\n\n\n\n<p>Trzy osoby ranne po uderzeniu autobusu w drzewo<br>W chwili zdarzenia w poje\u017adzie znajdowa\u0142o si\u0119 siedem os\u00f3b. Niestety, nie wszyscy wyszli z tego bez szwanku. Poszkodowane zosta\u0142y trzy osoby \u2013 dw\u00f3ch m\u0119\u017cczyzn oraz jedna kobieta.<\/p>\n\n\n\n<p>Autobus przewo\u017c\u0105cy pracownik\u00f3w uderzy\u0142 w drzewo. Autobusem podr\u00f3\u017cowa\u0142o siedem os\u00f3b. Trzy osoby zosta\u0142y poszkodowane \u2013 to dw\u00f3ch m\u0119\u017cczyzn i jedna kobieta \u2013 przekaza\u0142 kapitan Piotr Basarab, oficer prasowy Komendy Miejskiej Pa\u0144stwowej Stra\u017cy Po\u017carnej w S\u0142upsku.<\/p>\n\n\n\n<p>Na miejscu udzielono pomocy rannym, a ich stan wymaga\u0142 interwencji medycznej. Jednocze\u015bnie s\u0142u\u017cby zabezpiecza\u0142y teren oraz prowadzi\u0142y dzia\u0142ania maj\u0105ce na celu ustalenie dok\u0142adnych okoliczno\u015bci zdarzenia.<br><\/p>\n\n\n\n<p>Kierowca zas\u0142ab\u0142 za kierownic\u0105. Droga ca\u0142kowicie zablokowana<br>Wst\u0119pne ustalenia policji rzucaj\u0105 wi\u0119cej \u015bwiat\u0142a na przyczyny wypadku. Funkcjonariusze wskazuj\u0105, \u017ce kierowca autobusu, 36-letni m\u0119\u017cczyzna prowadz\u0105cy pojazd marki Mercedes, najprawdopodobniej straci\u0142 przytomno\u015b\u0107 lub poczu\u0142 si\u0119 na tyle \u017ale, \u017ce nie by\u0142 w stanie kontynuowa\u0107 jazdy w kontrolowany spos\u00f3b. W efekcie autobus zjecha\u0142 na pobocze, a nast\u0119pnie uderzy\u0142 w drzewo.&nbsp;<\/p>\n\n\n\n<p>Badanie alkomatem wykaza\u0142o, \u017ce kierowca by\u0142 trze\u017awy, co wyklucza jedn\u0105 z najcz\u0119stszych przyczyn tego typu zdarze\u0144. Ze wzgl\u0119du na jego stan zdrowia zdecydowano o przewiezieniu go do szpitala, gdzie przejdzie dalsze badania diagnostyczne.<\/p>\n\n\n\n<p>Policja zakwalifikowa\u0142a zdarzenie wst\u0119pnie jako kolizj\u0119, jednak dok\u0142adne okoliczno\u015bci b\u0119d\u0105 jeszcze analizowane. Tymczasem droga mi\u0119dzy Dar\u017cynem a \u0141upaw\u0105 pozostaje zablokowana, a s\u0142u\u017cby kontynuuj\u0105 swoje dzia\u0142ania na miejscu.<br><\/p>\n\n\n\n<iframe loading=\"lazy\" src=\"https:\/\/www.facebook.com\/plugins\/post.php?href=https%3A%2F%2Fwww.facebook.com%2Fpermalink.php%3Fstory_fbid%3Dpfbid02vrBCD44cbigzPWiLEcyKyFwkhxpGhBaGww5L9JPGSNejVTaVu45Zzo4LRQrQXJkDl%26id%3D100066402977748&#038;show_text=true&#038;width=500\" width=\"500\" height=\"794\" style=\"border:none;overflow:hidden\" scrolling=\"no\" frameborder=\"0\" allowfullscreen=\"true\" allow=\"autoplay; clipboard-write; encrypted-media; picture-in-picture; web-share\"><\/iframe>\n","protected":false},"excerpt":{"rendered":"Gro\u017any wypadek w okolicach Dar\u017cyna wstrzyma\u0142 ruch na lokalnej drodze mi\u0119dzy S\u0142upskiem a L\u0119borkiem. Autobus z pracownikami uderzy\u0142 w drzewo, a kilka os\u00f3b \n<a class=\"moretag\" href=\"https:\/\/time24.pl.ua\/?p=10667\"> [...]<\/a>","protected":false},"author":1,"featured_media":10668,"comment_status":"open","ping_status":"open","sticky":false,"template":"","format":"standard","meta":{"footnotes":""},"categories":[1],"tags":[],"class_list":["post-10667","post","type-post","status-publish","format-standard","has-post-thumbnail","hentry","category-blog"],"_links":{"self":[{"href":"https:\/\/time24.pl.ua\/index.php?rest_route=\/wp\/v2\/posts\/10667","targetHints":{"allow":["GET"]}}],"collection":[{"href":"https:\/\/time24.pl.ua\/index.php?rest_route=\/wp\/v2\/posts"}],"about":[{"href":"https:\/\/time24.pl.ua\/index.php?rest_route=\/wp\/v2\/types\/post"}],"author":[{"embeddable":true,"href":"https:\/\/time24.pl.ua\/index.php?rest_route=\/wp\/v2\/users\/1"}],"replies":[{"embeddable":true,"href":"https:\/\/time24.pl.ua\/index.php?rest_route=%2Fwp%2Fv2%2Fcomments&post=10667"}],"version-history":[{"count":1,"href":"https:\/\/time24.pl.ua\/index.php?rest_route=\/wp\/v2\/posts\/10667\/revisions"}],"predecessor-version":[{"id":10669,"href":"https:\/\/time24.pl.ua\/index.php?rest_route=\/wp\/v2\/posts\/10667\/revisions\/10669"}],"wp:featuredmedia":[{"embeddable":true,"href":"https:\/\/time24.pl.ua\/index.php?rest_route=\/wp\/v2\/media\/10668"}],"wp:attachment":[{"href":"https:\/\/time24.pl.ua\/index.php?rest_route=%2Fwp%2Fv2%2Fmedia&parent=10667"}],"wp:term":[{"taxonomy":"category","embeddable":true,"href":"https:\/\/time24.pl.ua\/index.php?rest_route=%2Fwp%2Fv2%2Fcategories&post=10667"},{"taxonomy":"post_tag","embeddable":true,"href":"https:\/\/time24.pl.ua\/index.php?rest_route=%2Fwp%2Fv2%2Ftags&post=10667"}],"curies":[{"name":"wp","href":"https:\/\/api.w.org\/{rel}","templated":true}]}}