{"id":10664,"date":"2026-04-15T15:57:53","date_gmt":"2026-04-15T15:57:53","guid":{"rendered":"https:\/\/time24.pl.ua\/?p=10664"},"modified":"2026-04-15T15:57:53","modified_gmt":"2026-04-15T15:57:53","slug":"ambasada-iranu-wydala-zaskakujacy-komunikat-jest-mowa-o-polsce","status":"publish","type":"post","link":"https:\/\/time24.pl.ua\/?p=10664","title":{"rendered":"Ambasada Iranu wyda\u0142a zaskakuj\u0105cy komunikat. Jest mowa o Polsce"},"content":{"rendered":"\n<p>Nagranie z polskiego parlamentu wywo\u0142a\u0142o poruszenie w mediach spo\u0142eczno\u015bciowych i dyplomatyczne napi\u0119cia na szczeblu mi\u0119dzynarodowym. Jak wynika z oficjalnych zapis\u00f3w sejmowych oraz publikacji na platformie X, jedna z zagranicznych plac\u00f3wek otwarcie pochwali\u0142a kontrowersyjny gest pos\u0142a. Sprawa natychmiast trafi\u0142a do prokuratury.<\/p>\n\n\n\n<p>Plac\u00f3wka Iranu bije brawo po incydencie<br>Flaga ze swastyk\u0105 na sejmowej m\u00f3wnicy<br>Reakcja w\u0142adz i konsekwencje prawne<br>Plac\u00f3wka Iranu bije brawo po incydencie<br>Oficjalny profil Ambasady Iranu w Zimbabwe na platformie X opublikowa\u0142 nagranie z polskiego Sejmu, nazywaj\u0105c zachowanie pos\u0142a Konrada Berkowicza przejawem \u201ezara\u017aliwej odwagi\u201d. <\/p>\n\n\n\n<p>Plac\u00f3wka udost\u0119pni\u0142a materia\u0142, na kt\u00f3rym parlamentarzysta prezentuje flag\u0119 Izraela z symbolem faszystowskim, i opatrzy\u0142a go komentarzem zestawiaj\u0105cym syjonizm z nazizmem.\u00a0<\/p>\n\n\n\n<p>\u201eOn ma odwag\u0119. Wi\u0119c bijcie mu brawo\u201d \u2013 napisali dyplomaci w odpowiedzi na komentarze internaut\u00f3w popieraj\u0105cych ten gest.&nbsp;<\/p>\n\n\n\n<p>To bezprecedensowy przypadek, w kt\u00f3rym zagraniczna misja dyplomatyczna otwarcie popiera incydent wykorzystuj\u0105cy zakazan\u0105 symbolik\u0119 w polskim parlamencie.&nbsp;<\/p>\n\n\n\n<p>Profil ambasady aktywnie dzi\u0119kowa\u0142 u\u017cytkownikom za \u201ewsparcie i korekt\u0119\u201d, co sugeruje celowe wykorzystanie nagrania do cel\u00f3w propagandowych w przestrzeni cyfrowej.<br><\/p>\n\n\n\n<blockquote class=\"twitter-tweet\" data-media-max-width=\"560\"><p lang=\"en\" dir=\"ltr\">Courage is contagious.<a href=\"https:\/\/twitter.com\/hashtag\/poland?src=hash&amp;ref_src=twsrc%5Etfw\">#poland<\/a> \ud83c\uddf5\ud83c\uddf1 <br>Zionists are the same as Nazis. <a href=\"https:\/\/t.co\/A81NvkFlHF\">pic.twitter.com\/A81NvkFlHF<\/a><\/p>&mdash; Iran Embassy in Zimbabwe (@IRANinZIMBABWE) <a href=\"https:\/\/twitter.com\/IRANinZIMBABWE\/status\/2044355263419879651?ref_src=twsrc%5Etfw\">April 15, 2026<\/a><\/blockquote> <script async src=\"https:\/\/platform.twitter.com\/widgets.js\" charset=\"utf-8\"><\/script>\n\n\n\n<p>Flaga ze swastyk\u0105 na sejmowej m\u00f3wnicy<br>Do zdarzenia dosz\u0142o 14 kwietnia 2026 roku podczas debaty o polityce zagranicznej. Pose\u0142 Konfederacji Konrad Berkowicz, oskar\u017caj\u0105c Izrael o ludob\u00f3jstwo, rozwin\u0105\u0142 na m\u00f3wnicy transparent przedstawiaj\u0105cy przerobion\u0105 flag\u0119.&nbsp;<\/p>\n\n\n\n<p>\u201eIzrael to nowa [\u2026] i jego flaga powinna wygl\u0105da\u0107 dok\u0142adnie tak\u201d \u2013 o\u015bwiadczy\u0142.<\/p>\n\n\n\n<p>Pose\u0142 argumentuje, \u017ce jego gest jest reakcj\u0105 na u\u017cycie zakazanej amunicji przeciwko cywilom na Bliskim Wschodzie. Zachowanie to wywo\u0142a\u0142o natychmiastowe oburzenie na sali plenarnej i przerwanie obrad.&nbsp;<\/p>\n\n\n\n<p>Stra\u017c Marsza\u0142kowska zabezpieczy\u0142a rekwizyt, a nagrania z tego momentu b\u0142yskawicznie obieg\u0142y \u015bwiat, staj\u0105c si\u0119 podstaw\u0105 do reakcji zagranicznych o\u015brodk\u00f3w politycznych, w tym wspomnianej plac\u00f3wki dyplomatycznej w Zimbabwe.<br><\/p>\n\n\n\n<p>Reakcja w\u0142adz i konsekwencje prawne<br>Prowadz\u0105cy obrady wicemarsza\u0142ek W\u0142odzimierz Czarzasty natychmiast wykluczy\u0142 pos\u0142a z posiedzenia. , \u017ce:&nbsp;<\/p>\n\n\n\n<p>\u201ePokazywanie swastyki w polskim Sejmie nie jest w \u017caden spos\u00f3b usprawiedliwione\u201d -podkre\u015bli\u0142 marsza\u0142ek.&nbsp;<\/p>\n\n\n\n<p>Kancelaria Sejmu skierowa\u0142a ju\u017c zawiadomienie do prokuratury w zwi\u0105zku z podejrzeniem z\u0142amania zakazu publicznego propagowania totalitaryzmu. Polskie Ministerstwo Spraw Zagranicznych stanowczo odci\u0119\u0142o si\u0119 od dzia\u0142a\u0144 Berkowicza oraz komentarzy ira\u0144skiej ambasady, zaznaczaj\u0105c, \u017ce nie reprezentuj\u0105 one oficjalnej linii polskiego rz\u0105du.&nbsp;<\/p>\n\n\n\n<p>Do sprawy odni\u00f3s\u0142 si\u0119 r\u00f3wnie\u017c ambasador USA, nazywaj\u0105c incydent \u201ekarygodn\u0105 prowokacj\u0105\u201d. Pose\u0142 musi liczy\u0107 si\u0119 z najwy\u017cszymi karami finansowymi oraz post\u0119powaniem przed Komisj\u0105 Etyki Poselskiej, podczas gdy polskie s\u0142u\u017cby dyplomatyczne analizuj\u0105 wpisy ira\u0144skiej plac\u00f3wki pod k\u0105tem dalszych krok\u00f3w formalnych.<br><\/p>\n","protected":false},"excerpt":{"rendered":"Nagranie z polskiego parlamentu wywo\u0142a\u0142o poruszenie w mediach spo\u0142eczno\u015bciowych i dyplomatyczne napi\u0119cia na szczeblu mi\u0119dzynarodowym. Jak wynika z oficjalnych zapis\u00f3w sejmowych oraz publikacji \n<a class=\"moretag\" href=\"https:\/\/time24.pl.ua\/?p=10664\"> [...]<\/a>","protected":false},"author":1,"featured_media":10665,"comment_status":"open","ping_status":"open","sticky":false,"template":"","format":"standard","meta":{"footnotes":""},"categories":[1],"tags":[],"class_list":["post-10664","post","type-post","status-publish","format-standard","has-post-thumbnail","hentry","category-blog"],"_links":{"self":[{"href":"https:\/\/time24.pl.ua\/index.php?rest_route=\/wp\/v2\/posts\/10664","targetHints":{"allow":["GET"]}}],"collection":[{"href":"https:\/\/time24.pl.ua\/index.php?rest_route=\/wp\/v2\/posts"}],"about":[{"href":"https:\/\/time24.pl.ua\/index.php?rest_route=\/wp\/v2\/types\/post"}],"author":[{"embeddable":true,"href":"https:\/\/time24.pl.ua\/index.php?rest_route=\/wp\/v2\/users\/1"}],"replies":[{"embeddable":true,"href":"https:\/\/time24.pl.ua\/index.php?rest_route=%2Fwp%2Fv2%2Fcomments&post=10664"}],"version-history":[{"count":1,"href":"https:\/\/time24.pl.ua\/index.php?rest_route=\/wp\/v2\/posts\/10664\/revisions"}],"predecessor-version":[{"id":10666,"href":"https:\/\/time24.pl.ua\/index.php?rest_route=\/wp\/v2\/posts\/10664\/revisions\/10666"}],"wp:featuredmedia":[{"embeddable":true,"href":"https:\/\/time24.pl.ua\/index.php?rest_route=\/wp\/v2\/media\/10665"}],"wp:attachment":[{"href":"https:\/\/time24.pl.ua\/index.php?rest_route=%2Fwp%2Fv2%2Fmedia&parent=10664"}],"wp:term":[{"taxonomy":"category","embeddable":true,"href":"https:\/\/time24.pl.ua\/index.php?rest_route=%2Fwp%2Fv2%2Fcategories&post=10664"},{"taxonomy":"post_tag","embeddable":true,"href":"https:\/\/time24.pl.ua\/index.php?rest_route=%2Fwp%2Fv2%2Ftags&post=10664"}],"curies":[{"name":"wp","href":"https:\/\/api.w.org\/{rel}","templated":true}]}}