{"id":10658,"date":"2026-04-15T15:49:43","date_gmt":"2026-04-15T15:49:43","guid":{"rendered":"https:\/\/time24.pl.ua\/?p=10658"},"modified":"2026-04-15T15:49:43","modified_gmt":"2026-04-15T15:49:43","slug":"czarzasty-nie-zartowal-zawiadomienie-juz-w-prokuraturze","status":"publish","type":"post","link":"https:\/\/time24.pl.ua\/?p=10658","title":{"rendered":"Czarzasty nie \u017cartowa\u0142. Zawiadomienie ju\u017c w prokuraturze"},"content":{"rendered":"\n<p>W\u0142odzimierz Czarzasty skierowa\u0142 do prokuratury zawiadomienie dotycz\u0105ce zachowania jednego z pos\u0142\u00f3w podczas wtorkowych obrad Sejmu. Sprawa dotyczy kontrowersyjnego wyst\u0105pienia, kt\u00f3re ju\u017c wywo\u0142a\u0142o powa\u017cne reakcje w izbie. Szczeg\u00f3\u0142y zdarzenia i mo\u017cliwe konsekwencje prawne mog\u0105 mie\u0107 znacznie szerszy wymiar.<\/p>\n\n\n\n<p>Kontrowersyjne wyst\u0105pienie w Sejmie. Reakcja marsza\u0142ka<br>Flaga Izraela ze swastyk\u0105 w Sejmie. Co zrobi\u0142 pose\u0142?<br>Zawiadomienie do prokuratury. Jakie przepisy m\u00f3g\u0142 naruszy\u0107 pose\u0142?<br>Kontrowersyjne wyst\u0105pienie w Sejmie.<\/p>\n\n\n\n<p> Reakcja marsza\u0142ka<br>Wtorkowe obrady Sejmu przynios\u0142y sytuacj\u0119, kt\u00f3ra natychmiast odbi\u0142a si\u0119 szerokim echem w przestrzeni publicznej. W trakcie jednego z wyst\u0105pie\u0144 dosz\u0142o do zdarzenia, kt\u00f3re przez wielu obserwator\u00f3w zosta\u0142o odebrane jako przekroczenie granic debaty parlamentarnej. Ju\u017c w pierwszych godzinach po zaj\u015bciu pojawi\u0142y si\u0119 g\u0142osy oburzenia oraz pytania o mo\u017cliwe konsekwencje prawne.<\/p>\n\n\n\n<p>Reakcja ze strony kierownictwa Sejmu nie kaza\u0142a d\u0142ugo na siebie czeka\u0107. Marsza\u0142ek W\u0142odzimierz Czarzasty zdecydowa\u0142 si\u0119 na podj\u0119cie formalnych dzia\u0142a\u0144, kt\u00f3re wykraczaj\u0105 poza standardowe procedury parlamentarne. Sprawa zosta\u0142a potraktowana powa\u017cnie, a jej charakter \u2013 jak wynika z p\u00f3\u017aniejszych informacji \u2013 oceniono jako potencjalnie nosz\u0105cy znamiona czynu zabronionego.<\/p>\n\n\n\n<p>W \u015brod\u0119 oficjalnie poinformowano, \u017ce zawiadomienie o podejrzeniu pope\u0142nienia przest\u0119pstwa zosta\u0142o ju\u017c skierowane do prokuratury. Informacja ta pojawi\u0142a si\u0119 na stronie Sejmu, co potwierdza, \u017ce dzia\u0142ania marsza\u0142ka nie by\u0142y jedynie zapowiedzi\u0105, ale konkretnym krokiem prawnym.<\/p>\n\n\n\n<p>Sejm, fot. KAPIF<\/p>\n\n\n\n<p>Flaga Izraela ze swastyk\u0105 w Sejmie. Co zrobi\u0142 pose\u0142?<br>Ca\u0142a sprawa dotyczy zachowania pos\u0142a Konfederacji Konrada Berkowicza podczas wtorkowego posiedzenia. W trakcie swojego wyst\u0105pienia polityk odni\u00f3s\u0142 si\u0119 do pa\u0144stwa Izrael w spos\u00f3b, kt\u00f3ry wzbudzi\u0142 ogromne kontrowersje.<\/p>\n\n\n\n<p>Jak opisano w zawiadomieniu skierowanym do prokuratury, pose\u0142 nie tylko wyg\u0142osi\u0142 mocne tezy, ale r\u00f3wnie\u017c pos\u0142u\u017cy\u0142 si\u0119 symbolicznym gestem.&nbsp;<\/p>\n\n\n\n<p>(\u2026) pose\u0142 Konrad Berkowicz w trakcie swojego wyst\u0105pienia na m\u00f3wnicy sejmowej stwierdzi\u0142, \u017ce Izrael to nowa Trzecia Rzesza i \u017ce w zwi\u0105zku z tym jego flaga powinna zawiera\u0107 swastyk\u0119 \u2013 napisa\u0142 W\u0142odzimierz Czarzasty w pi\u015bmie do prokuratury.<\/p>\n\n\n\n<p>Na tym jednak nie zako\u0144czy\u0142o si\u0119 wyst\u0105pienie.&nbsp;<\/p>\n\n\n\n<p>Po wypowiedzeniu tych s\u0142\u00f3w pose\u0142 rozwin\u0105\u0142 i zaprezentowa\u0142 flag\u0119 pa\u0144stwa Izrael zniekszta\u0142con\u0105 w ten spos\u00f3b, \u017ce w miejsce symbolu Gwiazdy Dawida nadrukowa\u0142 symbol nazistowskich Niemiec \u2013 przekaza\u0142 w tym samym pi\u015bmie W\u0142odzimierz Czarzasty.<\/p>\n\n\n\n<p>To w\u0142a\u015bnie ten element \u2013 fizyczne pokazanie zmodyfikowanej flagi \u2013 sta\u0142 si\u0119 jednym z kluczowych punkt\u00f3w ca\u0142ej sprawy i podstaw\u0105 do dalszych dzia\u0142a\u0144 prawnych.<br><\/p>\n\n\n\n<p>Zawiadomienie do prokuratury. Jakie przepisy m\u00f3g\u0142 naruszy\u0107 pose\u0142?<br>W zawiadomieniu marsza\u0142ek Sejmu szczeg\u00f3\u0142owo uzasadni\u0142 swoj\u0105 decyzj\u0119 o skierowaniu sprawy do organ\u00f3w \u015bcigania. W jego ocenie zachowanie pos\u0142a mo\u017ce wype\u0142nia\u0107 znamiona konkretnych przest\u0119pstw okre\u015blonych w Kodeksie karnym.<\/p>\n\n\n\n<p>Jak wskazano w komunikacie opublikowanym przez Sejm, \u201ew jego ocenie pose\u0142 podczas obrad Sejmu dopu\u015bci\u0142 si\u0119 czyn\u00f3w publicznego zniewa\u017cenia flagi pa\u0144stwa obcego oraz propagowania faszyzmu\u201d. To w\u0142a\u015bnie te dwa w\u0105tki \u2013 zniewa\u017cenie symbolu pa\u0144stwowego oraz odniesienia do ideologii nazistowskiej \u2013 stanowi\u0105 podstaw\u0119 zawiadomienia.<\/p>\n\n\n\n<p>Czarzasty zwr\u00f3ci\u0142 r\u00f3wnie\u017c uwag\u0119 na kontekst, w jakim dosz\u0142o do zdarzenia. W jego opinii sytuacja nabiera szczeg\u00f3lnego znaczenia ze wzgl\u0119du na dat\u0119. Podkre\u015bli\u0142, \u017ce chodzi o pa\u0144stwo, kt\u00f3re ma za sob\u0105 dramatyczne do\u015bwiadczenia historyczne. Wskaza\u0142 te\u017c, \u017ce ca\u0142e zdarzenie mia\u0142o miejsce w Dniu Pami\u0119ci Holokaustu, co dodatkowo pot\u0119guje jego wag\u0119 i wyd\u017awi\u0119k.<\/p>\n\n\n\n<p>Marsza\u0142ek uzna\u0142, \u017ce takie dzia\u0142anie mo\u017cna zakwalifikowa\u0107 jako przest\u0119pstwo z art. 137 \u00a7 2 Kodeksu karnego, dotycz\u0105cego publicznego zniewa\u017cenia flagi pa\u0144stwa obcego, a tak\u017ce z art. 256 \u00a7 2, kt\u00f3ry odnosi si\u0119 do propagowania faszyzmu. Teraz to prokuratura zdecyduje, czy w sprawie zostan\u0105 podj\u0119te dalsze kroki i czy pose\u0142 us\u0142yszy zarzuty.<br><\/p>\n","protected":false},"excerpt":{"rendered":"W\u0142odzimierz Czarzasty skierowa\u0142 do prokuratury zawiadomienie dotycz\u0105ce zachowania jednego z pos\u0142\u00f3w podczas wtorkowych obrad Sejmu. Sprawa dotyczy kontrowersyjnego wyst\u0105pienia, kt\u00f3re ju\u017c wywo\u0142a\u0142o powa\u017cne \n<a class=\"moretag\" href=\"https:\/\/time24.pl.ua\/?p=10658\"> [...]<\/a>","protected":false},"author":1,"featured_media":10659,"comment_status":"open","ping_status":"open","sticky":false,"template":"","format":"standard","meta":{"footnotes":""},"categories":[1],"tags":[],"class_list":["post-10658","post","type-post","status-publish","format-standard","has-post-thumbnail","hentry","category-blog"],"_links":{"self":[{"href":"https:\/\/time24.pl.ua\/index.php?rest_route=\/wp\/v2\/posts\/10658","targetHints":{"allow":["GET"]}}],"collection":[{"href":"https:\/\/time24.pl.ua\/index.php?rest_route=\/wp\/v2\/posts"}],"about":[{"href":"https:\/\/time24.pl.ua\/index.php?rest_route=\/wp\/v2\/types\/post"}],"author":[{"embeddable":true,"href":"https:\/\/time24.pl.ua\/index.php?rest_route=\/wp\/v2\/users\/1"}],"replies":[{"embeddable":true,"href":"https:\/\/time24.pl.ua\/index.php?rest_route=%2Fwp%2Fv2%2Fcomments&post=10658"}],"version-history":[{"count":1,"href":"https:\/\/time24.pl.ua\/index.php?rest_route=\/wp\/v2\/posts\/10658\/revisions"}],"predecessor-version":[{"id":10660,"href":"https:\/\/time24.pl.ua\/index.php?rest_route=\/wp\/v2\/posts\/10658\/revisions\/10660"}],"wp:featuredmedia":[{"embeddable":true,"href":"https:\/\/time24.pl.ua\/index.php?rest_route=\/wp\/v2\/media\/10659"}],"wp:attachment":[{"href":"https:\/\/time24.pl.ua\/index.php?rest_route=%2Fwp%2Fv2%2Fmedia&parent=10658"}],"wp:term":[{"taxonomy":"category","embeddable":true,"href":"https:\/\/time24.pl.ua\/index.php?rest_route=%2Fwp%2Fv2%2Fcategories&post=10658"},{"taxonomy":"post_tag","embeddable":true,"href":"https:\/\/time24.pl.ua\/index.php?rest_route=%2Fwp%2Fv2%2Ftags&post=10658"}],"curies":[{"name":"wp","href":"https:\/\/api.w.org\/{rel}","templated":true}]}}