{"id":10655,"date":"2026-04-15T15:46:37","date_gmt":"2026-04-15T15:46:37","guid":{"rendered":"https:\/\/time24.pl.ua\/?p=10655"},"modified":"2026-04-15T15:46:37","modified_gmt":"2026-04-15T15:46:37","slug":"nowe-doniesienia-ws-smierci-mai-z-mlawy-padl-jasny-komunikat","status":"publish","type":"post","link":"https:\/\/time24.pl.ua\/?p=10655","title":{"rendered":"Nowe doniesienia ws. \u015bmierci Mai z M\u0142awy. Pad\u0142 jasny komunikat"},"content":{"rendered":"\n<p>Prokuratura w P\u0142ocku przekaza\u0142a nowe informacje w sprawie \u015bmierci 16-letniej Mai z M\u0142awy. Zako\u0144czy\u0142 si\u0119 jeden z wa\u017cnych etap\u00f3w post\u0119powania dotycz\u0105cy g\u0142\u00f3wnego podejrzanego. Na kluczowe ustalenia \u015bledczych trzeba jednak jeszcze poczeka\u0107.<\/p>\n\n\n\n<p>Zako\u0144czona obserwacja psychiatryczna podejrzanego<br>Areszt przed\u0142u\u017cony. Prokuratura czeka na opini\u0119 bieg\u0142ych<br>\u015amier\u0107 Mai z M\u0142awy. <\/p>\n\n\n\n<p>Przebieg zdarze\u0144 i zatrzymanie 18-latka<br>Zako\u0144czona obserwacja psychiatryczna podejrzanego<br>Jednym z istotnych element\u00f3w prowadzonego post\u0119powania by\u0142a decyzja o dok\u0142adnym zbadaniu stanu psychicznego Bartosza G., kt\u00f3ry jest g\u0142\u00f3wnym podejrzanym w sprawie \u015bmierci nastolatki.<\/p>\n\n\n\n<p> Pod koniec lutego bie\u017c\u0105cego roku S\u0105d Okr\u0119gowy w P\u0142ocku zdecydowa\u0142 o skierowaniu 18-latka na obserwacj\u0119 psychiatryczn\u0105 w specjalistycznej plac\u00f3wce. Wniosek w tej sprawie z\u0142o\u017cy\u0142a Prokuratura Okr\u0119gowa w P\u0142ocku, prowadz\u0105ca \u015bledztwo.<\/p>\n\n\n\n<p>Obserwacja mog\u0142a trwa\u0107 maksymalnie cztery tygodnie i by\u0142a kolejnym etapem weryfikacji jego poczytalno\u015bci. Wcze\u015bniej, w styczniu, przeprowadzono jednodniowe badanie przez zesp\u00f3\u0142 lekarzy specjalist\u00f3w, jednak uzyskane wtedy wyniki okaza\u0142y si\u0119 niewystarczaj\u0105ce, by jednoznacznie oceni\u0107 stan psychiczny podejrzanego. To w\u0142a\u015bnie te wcze\u015bniejsze ustalenia sk\u0142oni\u0142y \u015bledczych do podj\u0119cia decyzji o pog\u0142\u0119bionej analizie.<\/p>\n\n\n\n<p>Teraz wiadomo ju\u017c, \u017ce ten etap zosta\u0142 zako\u0144czony, jednak na jego rezultaty trzeba jeszcze poczeka\u0107.&nbsp;<\/p>\n\n\n\n<p>Obserwacja psychiatryczna Bartosza G. zako\u0144czy\u0142a si\u0119. Nie mamy na razie wst\u0119pnych wniosk\u00f3w z jej przebiegu. Pisemna opinia bieg\u0142ych z obserwacji spodziewana jest za kilka tygodni \u2013 powiedzia\u0142 rzecznik Prokuratury Okr\u0119gowej w P\u0142ocku Bartosz Maliszewski w rozmowie z mediami.&nbsp;<\/p>\n\n\n\n<p>Oznacza to, \u017ce kluczowe ustalenia, kt\u00f3re mog\u0105 mie\u0107 wp\u0142yw na dalszy tok sprawy, nadal pozostaj\u0105 nieznane.<\/p>\n\n\n\n<p>Policja, fot. Canva<\/p>\n\n\n\n<p>Areszt przed\u0142u\u017cony. Prokuratura czeka na opini\u0119 bieg\u0142ych<br>Po zako\u0144czeniu obserwacji psychiatrycznej Bartosz G. zosta\u0142 ponownie osadzony w areszcie, gdzie przebywa\u0142 ju\u017c wcze\u015bniej \u2013 od momentu us\u0142yszenia zarzut\u00f3w. S\u0105d zdecydowa\u0142 o przed\u0142u\u017ceniu tego \u015brodka zapobiegawczego do czerwca.<\/p>\n\n\n\n<p>Ca\u0142e post\u0119powanie wci\u0105\u017c znajduje si\u0119 na etapie gromadzenia materia\u0142u dowodowego, a jednym z najwa\u017cniejszych element\u00f3w, na kt\u00f3re czekaj\u0105 \u015bledczy, jest w\u0142a\u015bnie szczeg\u00f3\u0142owa opinia bieg\u0142ych psychiatr\u00f3w. To ona ma odpowiedzie\u0107 na pytanie, czy w chwili zdarzenia podejrzany by\u0142 poczytalny, co bezpo\u015brednio wp\u0142ynie na jego odpowiedzialno\u015b\u0107 karn\u0105.<\/p>\n\n\n\n<p>Warto przypomnie\u0107, \u017ce po sprowadzeniu do Polski Bartosz G. nie przyzna\u0142 si\u0119 do zarzucanego mu czynu. Podczas przes\u0142uchania w prokuraturze skorzysta\u0142 r\u00f3wnie\u017c z prawa do odmowy sk\u0142adania wyja\u015bnie\u0144. Ju\u017c dwa dni po jego przetransportowaniu do kraju przedstawiono mu zarzut zab\u00f3jstwa ze szczeg\u00f3lnym okrucie\u0144stwem, za kt\u00f3ry grozi kara od 15 do 30 lat pozbawienia wolno\u015bci. Ze wzgl\u0119du na wiek podejrzanego w chwili zdarzenia, prawo nie przewiduje wobec niego kary do\u017cywotniego wi\u0119zienia.<br><\/p>\n\n\n\n<p>\u015amier\u0107 Mai z M\u0142awy. Przebieg zdarze\u0144 i zatrzymanie 18-latka<br>Do tragicznych wydarze\u0144 dosz\u0142o 23 kwietnia 2025 roku w M\u0142awie. Tego dnia 17-letni w\u00f3wczas Bartosz G. spotka\u0142 si\u0119 z 16-letni\u0105 Maj\u0105 K. Wieczorem dosz\u0142o do zdarzenia, kt\u00f3re zako\u0144czy\u0142o si\u0119 \u015bmierci\u0105 dziewczyny. Nast\u0119pnego dnia zg\u0142oszono jej zagini\u0119cie, a kilka dni p\u00f3\u017aniej \u2013 29 kwietnia \u2013 rodzina poinformowa\u0142a s\u0142u\u017cby, \u017ce mog\u0142a zosta\u0107 pozbawiona wolno\u015bci.<\/p>\n\n\n\n<p>Policja prowadzi\u0142a intensywne poszukiwania, wskazuj\u0105c, \u017ce nastolatka po raz ostatni by\u0142a widziana, gdy wychodzi\u0142a z domu do znajomego mieszkaj\u0105cego w pobli\u017cu. Prze\u0142om nast\u0105pi\u0142 1 maja, kiedy odnaleziono jej cia\u0142o w zaro\u015blach w pobli\u017cu zak\u0142adu produkcyjnego nale\u017c\u0105cego do rodziny podejrzanego.<\/p>\n\n\n\n<p>Przeprowadzona sekcja zw\u0142ok wykaza\u0142a, \u017ce przyczyn\u0105 \u015bmierci by\u0142y powa\u017cne obra\u017cenia g\u0142owy. Ju\u017c dzie\u0144 po ujawnieniu tych ustale\u0144 prokuratura poinformowa\u0142a o postawieniu zarzut\u00f3w Bartoszowi G. \u015aledczy uznali, \u017ce dosz\u0142o do zab\u00f3jstwa ze szczeg\u00f3lnym okrucie\u0144stwem.<\/p>\n\n\n\n<p>Po ujawnieniu cia\u0142a dziewczyny podejrzany zosta\u0142 zatrzymany w Grecji, gdzie przebywa\u0142 w ramach szkolnego wyjazdu. Pocz\u0105tkowo nie zgodzi\u0142 si\u0119 na przekazanie do Polski, t\u0142umacz\u0105c swoj\u0105 decyzj\u0119 obawami o bezpiecze\u0144stwo swoje i swoich bliskich. W tym czasie przebywa\u0142 w o\u015brodku dla nieletnich, a jego sprawa by\u0142a przedmiotem post\u0119powania ekstradycyjnego.<\/p>\n\n\n\n<p>W trakcie pobytu za granic\u0105 dosz\u0142o r\u00f3wnie\u017c do pr\u00f3by samob\u00f3jczej, po kt\u00f3rej trafi\u0142 do szpitala. Po poprawie stanu zdrowia ponownie zosta\u0142 umieszczony w o\u015brodku. Ostatecznie, po zako\u0144czeniu procedur i uprawomocnieniu si\u0119 decyzji, 23 grudnia 2025 roku zosta\u0142 przewieziony do Polski, gdzie kontynuowane jest \u015bledztwo w tej sprawie.<\/p>\n\n\n\n<p><\/p>\n","protected":false},"excerpt":{"rendered":"Prokuratura w P\u0142ocku przekaza\u0142a nowe informacje w sprawie \u015bmierci 16-letniej Mai z M\u0142awy. Zako\u0144czy\u0142 si\u0119 jeden z wa\u017cnych etap\u00f3w post\u0119powania dotycz\u0105cy g\u0142\u00f3wnego podejrzanego. \n<a class=\"moretag\" href=\"https:\/\/time24.pl.ua\/?p=10655\"> [...]<\/a>","protected":false},"author":1,"featured_media":10656,"comment_status":"open","ping_status":"open","sticky":false,"template":"","format":"standard","meta":{"footnotes":""},"categories":[1],"tags":[],"class_list":["post-10655","post","type-post","status-publish","format-standard","has-post-thumbnail","hentry","category-blog"],"_links":{"self":[{"href":"https:\/\/time24.pl.ua\/index.php?rest_route=\/wp\/v2\/posts\/10655","targetHints":{"allow":["GET"]}}],"collection":[{"href":"https:\/\/time24.pl.ua\/index.php?rest_route=\/wp\/v2\/posts"}],"about":[{"href":"https:\/\/time24.pl.ua\/index.php?rest_route=\/wp\/v2\/types\/post"}],"author":[{"embeddable":true,"href":"https:\/\/time24.pl.ua\/index.php?rest_route=\/wp\/v2\/users\/1"}],"replies":[{"embeddable":true,"href":"https:\/\/time24.pl.ua\/index.php?rest_route=%2Fwp%2Fv2%2Fcomments&post=10655"}],"version-history":[{"count":1,"href":"https:\/\/time24.pl.ua\/index.php?rest_route=\/wp\/v2\/posts\/10655\/revisions"}],"predecessor-version":[{"id":10657,"href":"https:\/\/time24.pl.ua\/index.php?rest_route=\/wp\/v2\/posts\/10655\/revisions\/10657"}],"wp:featuredmedia":[{"embeddable":true,"href":"https:\/\/time24.pl.ua\/index.php?rest_route=\/wp\/v2\/media\/10656"}],"wp:attachment":[{"href":"https:\/\/time24.pl.ua\/index.php?rest_route=%2Fwp%2Fv2%2Fmedia&parent=10655"}],"wp:term":[{"taxonomy":"category","embeddable":true,"href":"https:\/\/time24.pl.ua\/index.php?rest_route=%2Fwp%2Fv2%2Fcategories&post=10655"},{"taxonomy":"post_tag","embeddable":true,"href":"https:\/\/time24.pl.ua\/index.php?rest_route=%2Fwp%2Fv2%2Ftags&post=10655"}],"curies":[{"name":"wp","href":"https:\/\/api.w.org\/{rel}","templated":true}]}}