{"id":10629,"date":"2026-04-14T13:53:06","date_gmt":"2026-04-14T13:53:06","guid":{"rendered":"https:\/\/time24.pl.ua\/?p=10629"},"modified":"2026-04-14T13:53:06","modified_gmt":"2026-04-14T13:53:06","slug":"pozar-marketu-w-polskim-miescie-ewakuacja-klientow-i-mieszkancow-nowe-informacje","status":"publish","type":"post","link":"https:\/\/time24.pl.ua\/?p=10629","title":{"rendered":"Po\u017car marketu w polskim mie\u015bcie. Ewakuacja klient\u00f3w i mieszka\u0144c\u00f3w. Nowe informacje"},"content":{"rendered":"\n<p>Po\u017car wybuch\u0142 rano w jednym z market\u00f3w przy ul. Marsza\u0142ka J\u00f3zefa Pi\u0142sudskiego w Czersku, wywo\u0142uj\u0105c du\u017ce zadymienie i natychmiastow\u0105 reakcj\u0119 s\u0142u\u017cb. Konieczna by\u0142a ewakuacja mieszka\u0144c\u00f3w z okolicznych budynk\u00f3w, a cz\u0119\u015b\u0107 os\u00f3b wymaga\u0142a pomocy medycznej. Skala zniszcze\u0144 i szczeg\u00f3\u0142y zdarzenia budz\u0105 pytania.<\/p>\n\n\n\n<p>Po\u017car hali handlowej w Czersku. S\u0142u\u017cby w akcji od rana<br>Ewakuacja mieszka\u0144c\u00f3w i interwencje medyczne. Kilkadziesi\u0105t os\u00f3b poza domami<br>Po\u017car opanowany, ale straty ogromne. <\/p>\n\n\n\n<p>Hala nie nadaje si\u0119 do u\u017cytku<br>Po\u017car hali handlowej w Czersku. S\u0142u\u017cby w akcji od rana<br>Do zdarzenia dosz\u0142o po godzinie 9. w jednym z market\u00f3w zlokalizowanych przy ulicy Marsza\u0142ka J\u00f3zefa Pi\u0142sudskiego w Czersku. Ogie\u0144 pojawi\u0142 si\u0119 w obiekcie handlowym oferuj\u0105cym m.in. towary importowane, a bardzo szybko towarzyszy\u0107 mu zacz\u0119\u0142o intensywne zadymienie, widoczne r\u00f3wnie\u017c w znacznej odleg\u0142o\u015bci od miejsca zdarzenia.<\/p>\n\n\n\n<p>Na miejsce natychmiast skierowano jednostki stra\u017cy po\u017carnej oraz policj\u0119, kt\u00f3re rozpocz\u0119\u0142y dzia\u0142ania zabezpieczaj\u0105ce teren i organizuj\u0105ce akcj\u0119 ratunkow\u0105. Sytuacja od pocz\u0105tku by\u0142a powa\u017cna, g\u0142\u00f3wnie ze wzgl\u0119du na charakter obiektu oraz skal\u0119 zadymienia, kt\u00f3re mog\u0142o stanowi\u0107 zagro\u017cenie nie tylko dla os\u00f3b przebywaj\u0105cych w budynku, ale tak\u017ce dla mieszka\u0144c\u00f3w okolicznych dom\u00f3w.<\/p>\n\n\n\n<p>R\u00f3wnolegle z gaszeniem ognia s\u0142u\u017cby podejmowa\u0142y decyzje dotycz\u0105ce bezpiecze\u0144stwa ludno\u015bci cywilnej. Kluczowe by\u0142o ograniczenie ryzyka zwi\u0105zanego z rozprzestrzenianiem si\u0119 dymu oraz ewentualnym przeniesieniem si\u0119 ognia na s\u0105siednie zabudowania.<\/p>\n\n\n\n<p>Stra\u017c po\u017carna (zdj. ilustracyjne), fot. Canva<br>Ewakuacja mieszka\u0144c\u00f3w i interwencje medyczne. Kilkadziesi\u0105t os\u00f3b poza domami<br>W zwi\u0105zku z du\u017cym zadymieniem zdecydowano o ewakuacji mieszka\u0144c\u00f3w z najbli\u017cszej okolicy. Stra\u017cacy i policjanci wyprowadzili oko\u0142o 50 os\u00f3b z dom\u00f3w znajduj\u0105cych si\u0119 w promieniu oko\u0142o 300 metr\u00f3w od p\u0142on\u0105cego obiektu. By\u0142o to dzia\u0142anie prewencyjne, maj\u0105ce na celu ochron\u0119 zdrowia i \u017cycia mieszka\u0144c\u00f3w.<\/p>\n\n\n\n<p>Ewakuowani trafili do \u015bwietlicy znajduj\u0105cej si\u0119 w pobliskiej szkole podstawowej, gdzie mogli bezpiecznie przeczeka\u0107 najtrudniejszy moment akcji. W tym samym czasie s\u0142u\u017cby ratunkowe udziela\u0142y pomocy osobom, kt\u00f3re odczu\u0142y skutki zadymienia. Sze\u015b\u0107 os\u00f3b zg\u0142osi\u0142o problemy z oddychaniem, a trzy z nich zosta\u0142y przewiezione do szpitala. Jak przekazano, ich stan nie stanowi zagro\u017cenia dla \u017cycia.<\/p>\n\n\n\n<p>Sytuacja by\u0142a na tyle powa\u017cna, \u017ce do mieszka\u0144c\u00f3w skierowano r\u00f3wnie\u017c alert bezpiecze\u0144stwa. Rz\u0105dowe Centrum Bezpiecze\u0144stwa zaapelowa\u0142o o zamkni\u0119cie okien i drzwi oraz pozostanie w domach. Takie \u015brodki ostro\u017cno\u015bci mia\u0142y ograniczy\u0107 wp\u0142yw dymu na osoby przebywaj\u0105ce w okolicy i zminimalizowa\u0107 ryzyko zatrucia.<br><\/p>\n\n\n\n<p>Po\u017car opanowany, ale straty ogromne. Hala nie nadaje si\u0119 do u\u017cytku<br>Przed godzin\u0105 13. stra\u017cacy przekazali, \u017ce sytuacja zosta\u0142a opanowana, a ogie\u0144 nie rozprzestrzenia si\u0119 dalej. Obecnie trwa dogaszanie pogorzeliska, kt\u00f3re obejmuje znaczn\u0105 cz\u0119\u015b\u0107 obiektu. Jak wynika z przekazanych informacji, ogie\u0144 zniszczy\u0142 oko\u0142o dw\u00f3ch trzecich powierzchni hali.<\/p>\n\n\n\n<p>Na miejscu obecny by\u0142 kpt. Andrzej Piechowski z Komendy Wojew\u00f3dzkiej Pa\u0144stwowej Stra\u017cy Po\u017carnej w Gda\u0144sku, kt\u00f3ry podsumowa\u0142 sytuacj\u0119 po zako\u0144czeniu najwa\u017cniejszej fazy dzia\u0142a\u0144.&nbsp;<\/p>\n\n\n\n<p>Po\u017car uda\u0142o si\u0119 powstrzyma\u0107 i ogie\u0144 nie rozprzestrzeni\u0142 si\u0119 na inne budynki, ale konstrukcja hali w wyniku dzia\u0142ania wysokich temperatur nie nadaje si\u0119 do u\u017cytkowania \u2013 poinformowa\u0142 kpt. Andrzej Piechowski z Komendy Wojew\u00f3dzkiej Pa\u0144stwowej Stra\u017cy Po\u017carnej w Gda\u0144sku.<\/p>\n\n\n\n<p>W kolejnej wypowiedzi odni\u00f3s\u0142 si\u0119 r\u00f3wnie\u017c do sytuacji mieszka\u0144c\u00f3w oraz jako\u015bci powietrza.&nbsp;<\/p>\n\n\n\n<p>By\u0142o du\u017ce zadymienie i konieczna by\u0142a ewakuacja mieszka\u0144c\u00f3w, ale wszyscy wr\u00f3cili ju\u017c do swoich dom\u00f3w. W powietrzu nie ma przekroczenia dopuszczalnych norm st\u0119\u017cenia zanieczyszcze\u0144 \u2013 doda\u0142 kpt. Andrzej Piechowski z Komendy Wojew\u00f3dzkiej Pa\u0144stwowej Stra\u017cy Po\u017carnej w Gda\u0144sku.<\/p>\n\n\n\n<p>Cho\u0107 najwa\u017cniejsze dzia\u0142ania zosta\u0142y zako\u0144czone, sprawa nie jest jeszcze zamkni\u0119ta. Przyczyny wybuchu po\u017caru b\u0119d\u0105 ustalane przez bieg\u0142ych dopiero po zako\u0144czeniu pracy stra\u017cak\u00f3w. Trwa r\u00f3wnie\u017c szacowanie strat, kt\u00f3re \u2013 bior\u0105c pod uwag\u0119 skal\u0119 zniszcze\u0144 \u2013 mog\u0105 okaza\u0107 si\u0119 bardzo wysokie.<br><\/p>\n\n\n\n<iframe loading=\"lazy\" src=\"https:\/\/www.facebook.com\/plugins\/video.php?href=https%3A%2F%2Fwww.facebook.com%2Freel%2F1759200525063238%2F&#038;show_text=0&#038;width=560\" width=\"560\" height=\"315\" style=\"border:none;overflow:hidden\" scrolling=\"no\" frameborder=\"0\" allowfullscreen=\"true\" allow=\"autoplay; clipboard-write; encrypted-media; picture-in-picture; web-share\" allowFullScreen=\"true\"><\/iframe>\n","protected":false},"excerpt":{"rendered":"Po\u017car wybuch\u0142 rano w jednym z market\u00f3w przy ul. Marsza\u0142ka J\u00f3zefa Pi\u0142sudskiego w Czersku, wywo\u0142uj\u0105c du\u017ce zadymienie i natychmiastow\u0105 reakcj\u0119 s\u0142u\u017cb. Konieczna by\u0142a \n<a class=\"moretag\" href=\"https:\/\/time24.pl.ua\/?p=10629\"> [...]<\/a>","protected":false},"author":1,"featured_media":10630,"comment_status":"open","ping_status":"open","sticky":false,"template":"","format":"standard","meta":{"footnotes":""},"categories":[1],"tags":[],"class_list":["post-10629","post","type-post","status-publish","format-standard","has-post-thumbnail","hentry","category-blog"],"_links":{"self":[{"href":"https:\/\/time24.pl.ua\/index.php?rest_route=\/wp\/v2\/posts\/10629","targetHints":{"allow":["GET"]}}],"collection":[{"href":"https:\/\/time24.pl.ua\/index.php?rest_route=\/wp\/v2\/posts"}],"about":[{"href":"https:\/\/time24.pl.ua\/index.php?rest_route=\/wp\/v2\/types\/post"}],"author":[{"embeddable":true,"href":"https:\/\/time24.pl.ua\/index.php?rest_route=\/wp\/v2\/users\/1"}],"replies":[{"embeddable":true,"href":"https:\/\/time24.pl.ua\/index.php?rest_route=%2Fwp%2Fv2%2Fcomments&post=10629"}],"version-history":[{"count":1,"href":"https:\/\/time24.pl.ua\/index.php?rest_route=\/wp\/v2\/posts\/10629\/revisions"}],"predecessor-version":[{"id":10631,"href":"https:\/\/time24.pl.ua\/index.php?rest_route=\/wp\/v2\/posts\/10629\/revisions\/10631"}],"wp:featuredmedia":[{"embeddable":true,"href":"https:\/\/time24.pl.ua\/index.php?rest_route=\/wp\/v2\/media\/10630"}],"wp:attachment":[{"href":"https:\/\/time24.pl.ua\/index.php?rest_route=%2Fwp%2Fv2%2Fmedia&parent=10629"}],"wp:term":[{"taxonomy":"category","embeddable":true,"href":"https:\/\/time24.pl.ua\/index.php?rest_route=%2Fwp%2Fv2%2Fcategories&post=10629"},{"taxonomy":"post_tag","embeddable":true,"href":"https:\/\/time24.pl.ua\/index.php?rest_route=%2Fwp%2Fv2%2Ftags&post=10629"}],"curies":[{"name":"wp","href":"https:\/\/api.w.org\/{rel}","templated":true}]}}