{"id":10620,"date":"2026-04-14T13:31:03","date_gmt":"2026-04-14T13:31:03","guid":{"rendered":"https:\/\/time24.pl.ua\/?p=10620"},"modified":"2026-04-14T13:31:03","modified_gmt":"2026-04-14T13:31:03","slug":"2-osoby-nie-zyja-1-walczy-z-czasem-ofiara-rowniez-dziecko-tragiczny-wypadek-nagranie-trafilo-do-sieci","status":"publish","type":"post","link":"https:\/\/time24.pl.ua\/?p=10620","title":{"rendered":"2 osoby nie \u017cyj\u0105, 1 walczy z czasem. Ofiar\u0105 r\u00f3wnie\u017c dziecko. Tragiczny wypadek. Nagranie trafi\u0142o do sieci"},"content":{"rendered":"\n<p>Dramatyczne sceny rozegra\u0142y si\u0119 pod Warszaw\u0105. W tragicznym wypadku zgin\u0119\u0142y dwie m\u0142ode osoby, a jedna walczy o \u017cycie w szpitalu. Do sieci trafi\u0142o nagranie momentu zdarzenia, kt\u00f3re pokazuje skal\u0119 tragedii.<\/p>\n\n\n\n<p>Tragiczny wypadek na wiadukcie. Dosz\u0142o do zderzenia kilku pojazd\u00f3w<br>W\u015br\u00f3d ofiar r\u00f3wnie\u017c dziecko<br>Nagranie wypadku pojawi\u0142o si\u0119 w sieci. Wida\u0107 skal\u0119 dramatu<br>Tragiczny wypadek na wiadukcie. <\/p>\n\n\n\n<p>Dosz\u0142o do zderzenia kilku pojazd\u00f3w<br>Do dramatycznego wypadku dosz\u0142o w niedziel\u0119 oko\u0142o godziny 18 w \u0141omiankach pod Warszaw\u0105. Jak wynika z informacji przekazanych przez s\u0142u\u017cby, zdarzenie mia\u0142o miejsce na wiadukcie na wysoko\u015bci skrzy\u017cowania ulic Kolejowej i Brukowej, w kierunku Warszawy. W kolizji bra\u0142o udzia\u0142 kilka samochod\u00f3w osobowych.<\/p>\n\n\n\n<p>Wed\u0142ug ustale\u0144 opisywanych przez Miejski Reporter kierowca audi mia\u0142 porusza\u0107 si\u0119 bardzo dynamicznie, lawiruj\u0105c pomi\u0119dzy innymi pojazdami. W pewnym momencie dosz\u0142o do zderzenia z toyot\u0105. Si\u0142a uderzenia by\u0142a tak du\u017ca, \u017ce samoch\u00f3d po kontakcie z kraw\u0119\u017cnikiem i barierami linowymi zosta\u0142 wybity na s\u0105siedni pas ruchu prowadz\u0105cy w kierunku Gda\u0144ska. Tam toyota uderzy\u0142a jeszcze w kolejne dwa auta \u2014 audi oraz bmw.<\/p>\n\n\n\n<p>Najbardziej dramatyczny by\u0142 fina\u0142 tego zdarzenia. Toyota z ogromn\u0105 si\u0142\u0105 uderzy\u0142a dachem o jezdni\u0119, co doprowadzi\u0142o do tragicznych konsekwencji. Na miejscu natychmiast pojawi\u0142y si\u0119 s\u0142u\u017cby ratunkowe, policja oraz zespo\u0142y medyczne. Funkcjonariusze zabezpieczyli teren, a ruch w rejonie wypadku zosta\u0142 powa\u017cnie utrudniony.<\/p>\n\n\n\n<p>Sprawa od pocz\u0105tku by\u0142a traktowana jako bardzo powa\u017cna. Policja zabezpieczy\u0142a pojazdy do dalszych ogl\u0119dzin, kt\u00f3re maj\u0105 zosta\u0107 przeprowadzone przez bieg\u0142ych z Laboratorium Kryminalistycznego Komendy Sto\u0142ecznej Policji. \u015aledczy pod nadzorem prokuratora ustalaj\u0105 dok\u0142adny przebieg zdarzenia oraz odpowiedzialno\u015b\u0107 uczestnik\u00f3w wypadku.<\/p>\n\n\n\n<p>W\u015br\u00f3d ofiar r\u00f3wnie\u017c dziecko<br>Najbardziej wstrz\u0105saj\u0105ce informacje dotycz\u0105 ofiar tragedii. Sto\u0142eczna policja potwierdzi\u0142a, \u017ce w wyniku wypadku \u015bmier\u0107 ponios\u0142y dwie osoby \u2014 19-letnia kobieta oraz 15-letni ch\u0142opiec. Informacja ta wstrz\u0105sn\u0119\u0142a opini\u0105 publiczn\u0105, zw\u0142aszcza \u017ce jedn\u0105 z ofiar by\u0142o dziecko.<\/p>\n\n\n\n<p>Na tym jednak dramat si\u0119 nie ko\u0144czy. Jak przekaza\u0142y s\u0142u\u017cby, kolejna osoba zosta\u0142a przetransportowana do szpitala w stanie krytycznym. Lekarze walcz\u0105 o jej \u017cycie. Na ten moment nie podano wi\u0119cej szczeg\u00f3\u0142\u00f3w dotycz\u0105cych jej to\u017csamo\u015bci ani rokowa\u0144.<\/p>\n\n\n\n<p>W sprawie zatrzymano dw\u00f3ch m\u0119\u017cczyzn. Jeden z nich mia\u0142 oddali\u0107 si\u0119 z miejsca zdarzenia tu\u017c po wypadku. Policja poinformowa\u0142a p\u00f3\u017aniej, \u017ce uda\u0142o si\u0119 go zatrzyma\u0107. Wed\u0142ug ustale\u0144 Miejskiego Reportera zatrzymany m\u0119\u017cczyzna mia\u0142 by\u0107 nietrze\u017awy, a jego przes\u0142uchanie zaplanowano na wtorek.<\/p>\n\n\n\n<p>\u015aledczy podkre\u015blaj\u0105, \u017ce post\u0119powanie ma charakter rozwojowy. Z uwagi na dobro \u015bledztwa nie ujawniono wszystkich szczeg\u00f3\u0142\u00f3w dotycz\u0105cych przebiegu zdarzenia oraz roli zatrzymanych os\u00f3b. Dalsze czynno\u015bci prowadzone s\u0105 pod nadzorem prokuratora, kt\u00f3ry b\u0119dzie decydowa\u0142 o kolejnych krokach procesowych.<br><\/p>\n\n\n\n<p>Nagranie wypadku pojawi\u0142o si\u0119 w sieci. Wida\u0107 skal\u0119 dramatu<br>Do Internetu trafi\u0142o nagranie dokumentuj\u0105ce moment tragicznego wypadku. Materia\u0142 szybko zacz\u0105\u0142 kr\u0105\u017cy\u0107 w mediach spo\u0142eczno\u015bciowych i wywo\u0142a\u0142 ogromne poruszenie w\u015br\u00f3d internaut\u00f3w. Film pokazuje skal\u0119 zderzenia oraz dramatyczne skutki zdarzenia, do kt\u00f3rego dosz\u0142o na wiadukcie w \u0141omiankach.<\/p>\n\n\n\n<p>Nagranie ma r\u00f3wnie\u017c istotne znaczenie dla \u015bledztwa. Tego typu materia\u0142y cz\u0119sto pomagaj\u0105 s\u0142u\u017cbom odtworzy\u0107 przebieg zdarzenia sekunda po sekundzie \u2014 ustali\u0107 pr\u0119dko\u015b\u0107 pojazd\u00f3w, tor jazdy oraz moment samego zderzenia. Policja nie wyklucza, \u017ce materia\u0142 z sieci zostanie wykorzystany jako dow\u00f3d w prowadzonym post\u0119powaniu.<br><\/p>\n\n\n\n<blockquote class=\"twitter-tweet\" data-media-max-width=\"560\"><p lang=\"pl\" dir=\"ltr\">Zguba si\u0119 znalaz\u0142a.<a href=\"https:\/\/t.co\/qXlCfA8HtX\">https:\/\/t.co\/qXlCfA8HtX<\/a><\/p>&mdash; bandyci drogowi (@bandyci_drogowi) <a href=\"https:\/\/twitter.com\/bandyci_drogowi\/status\/2043634641106608390?ref_src=twsrc%5Etfw\">April 13, 2026<\/a><\/blockquote> <script async src=\"https:\/\/platform.twitter.com\/widgets.js\" charset=\"utf-8\"><\/script>\n\n\n\n<p>W mediach spo\u0142eczno\u015bciowych pojawiaj\u0105 si\u0119 tak\u017ce relacje \u015bwiadk\u00f3w oraz komentarze os\u00f3b, kt\u00f3re by\u0142y w pobli\u017cu miejsca tragedii. To w\u0142a\u015bnie dzi\u0119ki nagraniom i zapisom z monitoringu \u015bledczy mog\u0105 dok\u0142adniej przeanalizowa\u0107 zachowanie kierowc\u00f3w przed wypadkiem.<\/p>\n\n\n\n<p>Sprawa budzi ogromne emocje r\u00f3wnie\u017c dlatego, \u017ce zgin\u0119\u0142y bardzo m\u0142ode osoby. Internauci zwracaj\u0105 uwag\u0119 na dramat rodzin ofiar i apeluj\u0105 o surowe konsekwencje wobec os\u00f3b odpowiedzialnych za tragedi\u0119. Policja zapowiada dalsze dzia\u0142ania i szczeg\u00f3\u0142owe wyja\u015bnienie wszystkich okoliczno\u015bci zdarzenia.<br><\/p>\n","protected":false},"excerpt":{"rendered":"Dramatyczne sceny rozegra\u0142y si\u0119 pod Warszaw\u0105. W tragicznym wypadku zgin\u0119\u0142y dwie m\u0142ode osoby, a jedna walczy o \u017cycie w szpitalu. Do sieci trafi\u0142o \n<a class=\"moretag\" href=\"https:\/\/time24.pl.ua\/?p=10620\"> [...]<\/a>","protected":false},"author":1,"featured_media":10621,"comment_status":"open","ping_status":"open","sticky":false,"template":"","format":"standard","meta":{"footnotes":""},"categories":[1],"tags":[],"class_list":["post-10620","post","type-post","status-publish","format-standard","has-post-thumbnail","hentry","category-blog"],"_links":{"self":[{"href":"https:\/\/time24.pl.ua\/index.php?rest_route=\/wp\/v2\/posts\/10620","targetHints":{"allow":["GET"]}}],"collection":[{"href":"https:\/\/time24.pl.ua\/index.php?rest_route=\/wp\/v2\/posts"}],"about":[{"href":"https:\/\/time24.pl.ua\/index.php?rest_route=\/wp\/v2\/types\/post"}],"author":[{"embeddable":true,"href":"https:\/\/time24.pl.ua\/index.php?rest_route=\/wp\/v2\/users\/1"}],"replies":[{"embeddable":true,"href":"https:\/\/time24.pl.ua\/index.php?rest_route=%2Fwp%2Fv2%2Fcomments&post=10620"}],"version-history":[{"count":1,"href":"https:\/\/time24.pl.ua\/index.php?rest_route=\/wp\/v2\/posts\/10620\/revisions"}],"predecessor-version":[{"id":10622,"href":"https:\/\/time24.pl.ua\/index.php?rest_route=\/wp\/v2\/posts\/10620\/revisions\/10622"}],"wp:featuredmedia":[{"embeddable":true,"href":"https:\/\/time24.pl.ua\/index.php?rest_route=\/wp\/v2\/media\/10621"}],"wp:attachment":[{"href":"https:\/\/time24.pl.ua\/index.php?rest_route=%2Fwp%2Fv2%2Fmedia&parent=10620"}],"wp:term":[{"taxonomy":"category","embeddable":true,"href":"https:\/\/time24.pl.ua\/index.php?rest_route=%2Fwp%2Fv2%2Fcategories&post=10620"},{"taxonomy":"post_tag","embeddable":true,"href":"https:\/\/time24.pl.ua\/index.php?rest_route=%2Fwp%2Fv2%2Ftags&post=10620"}],"curies":[{"name":"wp","href":"https:\/\/api.w.org\/{rel}","templated":true}]}}