{"id":10602,"date":"2026-04-14T13:01:05","date_gmt":"2026-04-14T13:01:05","guid":{"rendered":"https:\/\/time24.pl.ua\/?p=10602"},"modified":"2026-04-14T13:01:05","modified_gmt":"2026-04-14T13:01:05","slug":"nie-zyje-jedna-osoba-dwie-zostaly-ranne-policja-oglosila-czarny-alert","status":"publish","type":"post","link":"https:\/\/time24.pl.ua\/?p=10602","title":{"rendered":"Nie \u017cyje jedna osoba, dwie zosta\u0142y ranne. Policja og\u0142osi\u0142a czarny alert"},"content":{"rendered":"\n<p>W miejscowo\u015bci Ostro\u017cnica dosz\u0142o do tragicznego wypadku na DK 78. Z powodu czo\u0142owego zderzenia z ci\u0119\u017car\u00f3wk\u0105 zmar\u0142 61-letni kierowca samochodu dostawczego. Policja og\u0142osi\u0142a Czarny Alert.<\/p>\n\n\n\n<h2 class=\"wp-block-heading\">Zderzenie z ci\u0119\u017car\u00f3wk\u0105 na DK 78<\/h2>\n\n\n\n<p>We wtorek 14 kwietnia&nbsp;<strong>samoch\u00f3d zderzy\u0142 si\u0119 z ci\u0119\u017car\u00f3wk\u0105 na Drodze Krajowej (DK) nr 78<\/strong>. Do zdarzenia dosz\u0142o przed godzin\u0105 7:00 w miejscowo\u015bci Ostro\u017cnica, niedaleko \u015awierkla\u0144ca (woj. \u015bl\u0105skie).<\/p>\n\n\n\n<p>Jak przekaza\u0142a Komenda Powiatowa Policji (KPP) w Tarnowskich G\u00f3rach, 61-latek z wojew\u00f3dztwa \u015bwi\u0119tokrzyskiego jecha\u0142 od strony miejscowo\u015bci Niezdara samochodem dostawczym marki Citroen. Z niewyja\u015bnionych przyczyn zjecha\u0142 na przeciwleg\u0142y pas ruchu i zderzy\u0142 si\u0119 czo\u0142owo z ci\u0105gnikiem siod\u0142owym marki Scania nadje\u017cdzaj\u0105cym ze strony Olkusza.<\/p>\n\n\n\n<h2 class=\"wp-block-heading\">Nie \u017cyje 1 osoba, dwie s\u0105 w szpitalu<\/h2>\n\n\n\n<p>S\u0142u\u017cby poinformowa\u0142y r\u00f3wnie\u017c, \u017ce w wyniku zdarzenia zmar\u0142 61-letni kierowca samochodu marki Citroen. Jak napisano w komunikacie:<\/p>\n\n\n\n<blockquote class=\"wp-block-quote is-layout-flow wp-block-quote-is-layout-flow\">\n<p>Niestety mimo podj\u0119tych czynno\u015bci ratunkowych 61-latek zmar\u0142. Na miejscu trwaj\u0105 czynno\u015bci pod nadzorem prokuratora, kt\u00f3ry zleci\u0142 przeprowadzenie sekcji zw\u0142ok m\u0119\u017cczyzny.<\/p>\n<\/blockquote>\n\n\n\n<p>Co wi\u0119cej, do szpitala trafi\u0142o tak\u017ce dw\u00f3ch pasa\u017cer\u00f3w tego samego pojazdu. Pierwsza, 36-latek, zosta\u0142 przetransportowany tam za pomoc\u0105 \u015bmig\u0142owca Lotniczego Pogotowia Ratunkowego (LPR). Do lecznicy trafi\u0142 tak\u017ce 49-latek, kt\u00f3rego przewioz\u0142a karetka.&nbsp;<strong>W zwi\u0105zku ze \u015bmierci\u0105 kolejnej osoby w wypadku drogowym policja og\u0142osi\u0142a Czarny Alert i poprosi\u0142a o zachowanie wzmo\u017conej ostro\u017cno\u015bci na trasach.<\/strong><\/p>\n\n\n\n<h2 class=\"wp-block-heading\">Utrudnienia w ruchu<\/h2>\n\n\n\n<p>Z powodu \u015bmiertelnego wypadku fragment DK 78 jest ca\u0142kowicie zablokowany. Przekazano, \u017ce wynika to z ogl\u0119dzin i innych czynno\u015bci prowadzonych w miejscu zdarzenia:<\/p>\n\n\n\n<blockquote class=\"wp-block-quote is-layout-flow wp-block-quote-is-layout-flow\">\n<p>Na miejscu nadal trwaj\u0105 czynno\u015bci policjant\u00f3w, kt\u00f3rzy ustalaj\u0105 okoliczno\u015bci zdarzenia.<\/p>\n<\/blockquote>\n\n\n\n<p>Kierowcy mog\u0105 omin\u0105\u0107 nieprzejezdny odcinek kieruj\u0105c si\u0119 objazdem:<\/p>\n\n\n\n<ul class=\"wp-block-list\">\n<li>przez Brynic\u0119 (zar\u00f3wno od strony \u015awierkla\u0144ca, jak i Niezdary) \u2013 dla samochod\u00f3w osobowych,<\/li>\n\n\n\n<li>przez autostrad\u0119 A1 (dotyczy obydwu kierunk\u00f3w) \u2013 dla pojazd\u00f3w ci\u0119\u017carowych.<\/li>\n<\/ul>\n\n\n\n<p>KPP w Tarnowskich G\u00f3rach zaapelowa\u0142a tak\u017ce do podr\u00f3\u017cuj\u0105cych o stosowanie si\u0119 do polece\u0144 os\u00f3b kieruj\u0105cych ruchem.<\/p>\n","protected":false},"excerpt":{"rendered":"W miejscowo\u015bci Ostro\u017cnica dosz\u0142o do tragicznego wypadku na DK 78. Z powodu czo\u0142owego zderzenia z ci\u0119\u017car\u00f3wk\u0105 zmar\u0142 61-letni kierowca samochodu dostawczego. Policja og\u0142osi\u0142a \n<a class=\"moretag\" href=\"https:\/\/time24.pl.ua\/?p=10602\"> [...]<\/a>","protected":false},"author":1,"featured_media":10603,"comment_status":"open","ping_status":"open","sticky":false,"template":"","format":"standard","meta":{"footnotes":""},"categories":[1],"tags":[],"class_list":["post-10602","post","type-post","status-publish","format-standard","has-post-thumbnail","hentry","category-blog"],"_links":{"self":[{"href":"https:\/\/time24.pl.ua\/index.php?rest_route=\/wp\/v2\/posts\/10602","targetHints":{"allow":["GET"]}}],"collection":[{"href":"https:\/\/time24.pl.ua\/index.php?rest_route=\/wp\/v2\/posts"}],"about":[{"href":"https:\/\/time24.pl.ua\/index.php?rest_route=\/wp\/v2\/types\/post"}],"author":[{"embeddable":true,"href":"https:\/\/time24.pl.ua\/index.php?rest_route=\/wp\/v2\/users\/1"}],"replies":[{"embeddable":true,"href":"https:\/\/time24.pl.ua\/index.php?rest_route=%2Fwp%2Fv2%2Fcomments&post=10602"}],"version-history":[{"count":1,"href":"https:\/\/time24.pl.ua\/index.php?rest_route=\/wp\/v2\/posts\/10602\/revisions"}],"predecessor-version":[{"id":10604,"href":"https:\/\/time24.pl.ua\/index.php?rest_route=\/wp\/v2\/posts\/10602\/revisions\/10604"}],"wp:featuredmedia":[{"embeddable":true,"href":"https:\/\/time24.pl.ua\/index.php?rest_route=\/wp\/v2\/media\/10603"}],"wp:attachment":[{"href":"https:\/\/time24.pl.ua\/index.php?rest_route=%2Fwp%2Fv2%2Fmedia&parent=10602"}],"wp:term":[{"taxonomy":"category","embeddable":true,"href":"https:\/\/time24.pl.ua\/index.php?rest_route=%2Fwp%2Fv2%2Fcategories&post=10602"},{"taxonomy":"post_tag","embeddable":true,"href":"https:\/\/time24.pl.ua\/index.php?rest_route=%2Fwp%2Fv2%2Ftags&post=10602"}],"curies":[{"name":"wp","href":"https:\/\/api.w.org\/{rel}","templated":true}]}}