{"id":10593,"date":"2026-04-14T12:46:55","date_gmt":"2026-04-14T12:46:55","guid":{"rendered":"https:\/\/time24.pl.ua\/?p=10593"},"modified":"2026-04-14T12:46:55","modified_gmt":"2026-04-14T12:46:55","slug":"nawrocki-uderzyl-w-czarzastego-i-tuska-pokazal-kontrowersyjne-nagranie","status":"publish","type":"post","link":"https:\/\/time24.pl.ua\/?p=10593","title":{"rendered":"Nawrocki uderzy\u0142 w Czarzastego i Tuska. Pokaza\u0142 kontrowersyjne nagranie"},"content":{"rendered":"\n<p>Prezydent Karol Nawrocki opublikowa\u0142 nagranie, kt\u00f3re bezpo\u015brednio uderza w cz\u0142onk\u00f3w koalicji rz\u0105dz\u0105cej. W materiale pojawiaj\u0105 si\u0119 m.in. W\u0142odzimierz Czarzasty oraz Donald Tusk. G\u0142owa pa\u0144stwa wytyka im prorosyjsko\u015b\u0107 i broni swoich dzia\u0142a\u0144 na scenie politycznej.<\/p>\n\n\n\n<p>Donald Tusk wytyka\u0142 prorosyjsko\u015b\u0107 Karolowi Nawrockiemu<br>Nie od dzi\u015b obie strony polskiej sceny politycznej dogryzaj\u0105 sobie w do\u015b\u0107 bezpo\u015bredni spos\u00f3b, a niekt\u00f3re \u201ewojenki\u201d bywaj\u0105 nawet wy\u015bmiewane przez internaut\u00f3w. <\/p>\n\n\n\n<p>W ostatnim czasie, z powodu wojny w Ukrainie oraz wybor\u00f3w na W\u0119grzech, pos\u0142owie przekrzykuj\u0105 si\u0119, kt\u00f3ra partia jest bardziej prorosyjska i kto stoi murem za Viktorem Orbanem; kto jest za Uni\u0105 Europejsk\u0105, a kto woli wyj\u015b\u0107 z sojuszu.<\/p>\n\n\n\n<p>Ju\u017c w maju 2025 roku, tu\u017c przed wyborami, Donald Tusk dogryza\u0142 Karolowi Nawrockiemu, \u017ce \u201eRosja si\u0119 cieszy\u201d. Wszystko przez to, \u017ce na wiecu w Zabrzu pojawi\u0142 si\u0119 prawicowy rumu\u0144ski polityk George Simon. Otwarcie popiera\u0142 Karola Nawrockiego oraz sam kandydowa\u0142 na fotel prezydenta \u2013 ostatecznie w swoim kraju przegra\u0142 w drugiej turze.<\/p>\n\n\n\n<p> Ma\u0142o tego, krytykowa\u0142 Uni\u0119 Europejsk\u0105 i zapowiada\u0142, \u017ce chce walczy\u0107 o wolno\u015b\u0107. Teraz Karol Nawrocki znalaz\u0142 moment, w kt\u00f3rym odgryz\u0142 si\u0119 Donaldowi Tuskowi oraz marsza\u0142kowi Sejmu. Zaatakowa\u0142 ich za po\u015brednictwem nagrania.<\/p>\n\n\n\n<p>Karol Nawrocki krytykuje Donalda Tuska i W\u0142odzimierza Czarzastego<br>Wieczorem 13 kwietnia na oficjalnym profilu prezydenta Karola Nawrockiego na Facebooku pojawi\u0142o si\u0119 kontrowersyjne nagranie. G\u0142owa pa\u0144stwa napisa\u0142a:<\/p>\n\n\n\n<p>\u201eDosy\u0107 k\u0142amstw. Obecnie rz\u0105dz\u0105cy przez lata prowadzili polityk\u0119 ust\u0119pstw wobec Rosji, handluj\u0105c z Putinem naszym bezpiecze\u0144stwem narodowym. Dzi\u015b pr\u00f3buj\u0105 poucza\u0107. Nie pozw\u00f3lmy, by k\u0142amstwo zwyci\u0119\u017cy\u0142o prawd\u0119\u201d.<\/p>\n\n\n\n<iframe loading=\"lazy\" src=\"https:\/\/www.facebook.com\/plugins\/video.php?href=https%3A%2F%2Fwww.facebook.com%2Freel%2F1543881144102502%2F&#038;show_text=0&#038;width=560\" width=\"560\" height=\"315\" style=\"border:none;overflow:hidden\" scrolling=\"no\" frameborder=\"0\" allowfullscreen=\"true\" allow=\"autoplay; clipboard-write; encrypted-media; picture-in-picture; web-share\" allowFullScreen=\"true\"><\/iframe>\n\n\n\n<p>W nagraniu W\u0142odzimierz Czarzasty jest okre\u015blany jako osoba \u201eznana ze swojej komunistycznej przesz\u0142o\u015bci i rosyjskich kontakt\u00f3w\u201d. Z kolei Donald Tusk zyska\u0142 \u0142atk\u0119 \u201enajbardziej prorosyjskiego premiera w historii\u201d. Nie zabrak\u0142o kadru, w kt\u00f3rym \u015bciska r\u0119k\u0119 W\u0142adimirowi Putinowi. Politycy zostali oskar\u017ceni o \u201ek\u0142amliwe atakowanie prezydenta Karola Nawrockiego\u201d.<\/p>\n\n\n\n<p>\u201eNasz lider (Karol Nawrocki \u2013 przyp. red.) od lat jest zaanga\u017cowany w ograniczanie wp\u0142yw\u00f3w Rosji. Jako prezes IPN burzy\u0142 komunistyczne pomniki, a jako prezydent Polski wprost nazywa Putina zbrodniarzem\u201d<\/p>\n\n\n\n<p>\u2013 dowiadujemy si\u0119 z nagrania.<br><\/p>\n\n\n\n<p>Donald Tusk i W\u0142odzimierz Czarzasty oskar\u017ceni o prorosyjskie sympatie<br>Na tym nie koniec. Wg\u0142\u0119biono si\u0119 r\u00f3wnie\u017c w \u017cyciorysy Donalda Tuska i W\u0142odzimierza Czarzastego. Marsza\u0142kowi Sejmu wypomniano s\u0142owa sprzed lat, gdy stwierdzi\u0142, \u017ce \u017co\u0142nierze radzieccy r\u00f3wnie\u017c wyzwalali Polsk\u0119.&nbsp;<\/p>\n\n\n\n<p>\u201eBroni\u0142 morduj\u0105c\u0105 Polak\u00f3w sowieck\u0105 Armi\u0119 Czerwon\u0105\u201d \u2013 s\u0142yszymy w wideo.&nbsp;<\/p>\n\n\n\n<p>Internauci zostali te\u017c powiadomieni, \u017ce \u201edo tej pory nie wyja\u015bni\u0142 swoich podejrzanych rosyjskich powi\u0105za\u0144\u201d.<\/p>\n\n\n\n<p>Z kolei Donald Tusk zosta\u0142 oskar\u017cony o wielokrotne spotkania z W\u0142adimirem Putinem, podczas kt\u00f3rych mia\u0142 pyta\u0107 W\u0142adimira Putina o opini\u0119 na temat budowy tarczy antyrakietowej na terenie Polski. To przez aktualnego premiera, wed\u0142ug nagrania, nasz kraj mia\u0142 si\u0119 te\u017c uzale\u017cni\u0107 od rosyjskiego gazu, a polityk mia\u0142 by\u0107 nazywany przez rosyjskie media \u201eich cz\u0142owiekiem w Warszawie\u201d. Nie zabrak\u0142o r\u00f3wnie\u017c uj\u0119cia z wywiadu z Alaksandrem \u0141ukaszenk\u0105, kt\u00f3ry by\u0142 entuzjast\u0105 Donalda Tuska i wierzy\u0142, \u017ce dzi\u0119ki wp\u0142ywom polskiego polityka polska prawica \u201esi\u0119 z\u0142amie\u201d.<br><\/p>\n","protected":false},"excerpt":{"rendered":"Prezydent Karol Nawrocki opublikowa\u0142 nagranie, kt\u00f3re bezpo\u015brednio uderza w cz\u0142onk\u00f3w koalicji rz\u0105dz\u0105cej. W materiale pojawiaj\u0105 si\u0119 m.in. W\u0142odzimierz Czarzasty oraz Donald Tusk. G\u0142owa \n<a class=\"moretag\" href=\"https:\/\/time24.pl.ua\/?p=10593\"> [...]<\/a>","protected":false},"author":1,"featured_media":10594,"comment_status":"open","ping_status":"open","sticky":false,"template":"","format":"standard","meta":{"footnotes":""},"categories":[1],"tags":[],"class_list":["post-10593","post","type-post","status-publish","format-standard","has-post-thumbnail","hentry","category-blog"],"_links":{"self":[{"href":"https:\/\/time24.pl.ua\/index.php?rest_route=\/wp\/v2\/posts\/10593","targetHints":{"allow":["GET"]}}],"collection":[{"href":"https:\/\/time24.pl.ua\/index.php?rest_route=\/wp\/v2\/posts"}],"about":[{"href":"https:\/\/time24.pl.ua\/index.php?rest_route=\/wp\/v2\/types\/post"}],"author":[{"embeddable":true,"href":"https:\/\/time24.pl.ua\/index.php?rest_route=\/wp\/v2\/users\/1"}],"replies":[{"embeddable":true,"href":"https:\/\/time24.pl.ua\/index.php?rest_route=%2Fwp%2Fv2%2Fcomments&post=10593"}],"version-history":[{"count":1,"href":"https:\/\/time24.pl.ua\/index.php?rest_route=\/wp\/v2\/posts\/10593\/revisions"}],"predecessor-version":[{"id":10595,"href":"https:\/\/time24.pl.ua\/index.php?rest_route=\/wp\/v2\/posts\/10593\/revisions\/10595"}],"wp:featuredmedia":[{"embeddable":true,"href":"https:\/\/time24.pl.ua\/index.php?rest_route=\/wp\/v2\/media\/10594"}],"wp:attachment":[{"href":"https:\/\/time24.pl.ua\/index.php?rest_route=%2Fwp%2Fv2%2Fmedia&parent=10593"}],"wp:term":[{"taxonomy":"category","embeddable":true,"href":"https:\/\/time24.pl.ua\/index.php?rest_route=%2Fwp%2Fv2%2Fcategories&post=10593"},{"taxonomy":"post_tag","embeddable":true,"href":"https:\/\/time24.pl.ua\/index.php?rest_route=%2Fwp%2Fv2%2Ftags&post=10593"}],"curies":[{"name":"wp","href":"https:\/\/api.w.org\/{rel}","templated":true}]}}